{"id":1474,"date":"2026-04-26T22:52:56","date_gmt":"2026-04-26T22:52:56","guid":{"rendered":"https:\/\/foodservice-transition.fr\/?p=1474"},"modified":"2026-04-26T23:43:39","modified_gmt":"2026-04-26T23:43:39","slug":"management-transition-afrique-senegal-cameroun","status":"publish","type":"post","link":"https:\/\/foodservice-transition.fr\/en\/management-transition-afrique-senegal-cameroun\/","title":{"rendered":"Le management de transition en Afrique francophone"},"content":{"rendered":"<figure class=\"wp-block-image ext-animate--on\"><img loading=\"lazy\" decoding=\"async\" width=\"1024\" height=\"1024\" src=\"https:\/\/foodservice-transition.fr\/wp-content\/uploads\/2026\/04\/image-56.jpg\" alt=\"management de transition en afrique, au s\u00e9n\u00e9gal, au cameroun, en tunisie, au Maroc\" class=\"wp-image-1505\" title=\"management de transition en afrique\" srcset=\"https:\/\/foodservice-transition.fr\/wp-content\/uploads\/2026\/04\/image-56.jpg 1024w, https:\/\/foodservice-transition.fr\/wp-content\/uploads\/2026\/04\/image-56-300x300.jpg 300w, https:\/\/foodservice-transition.fr\/wp-content\/uploads\/2026\/04\/image-56-150x150.jpg 150w, https:\/\/foodservice-transition.fr\/wp-content\/uploads\/2026\/04\/image-56-768x768.jpg 768w, https:\/\/foodservice-transition.fr\/wp-content\/uploads\/2026\/04\/image-56-12x12.jpg 12w\" sizes=\"auto, (max-width: 1024px) 100vw, 1024px\" \/><\/figure>\n\n\n\n<p class=\"ext-animate--on\"><\/p>\n\n\n\n<h2 class=\"wp-block-heading ext-animate--on\">Le management de transition au S\u00e9n\u00e9gal, en C\u00f4te d&rsquo;Ivoire, au Cameroun, en Tunisie, au Maroc&#8230;<\/h2>\n\n\n\n<p class=\"ext-animate--on\">Le management de transition s\u2019impose progressivement comme une solution efficace pour accompagner les entreprises dans leurs phases de transformation, de croissance ou de crise.<\/p>\n\n\n\n<p class=\"ext-animate--on\">Si ce mod\u00e8le est d\u00e9sormais bien structur\u00e9 en Europe, il reste encore <strong>peu d\u00e9velopp\u00e9 en Afrique francophone<\/strong>.<\/p>\n\n\n\n<p class=\"ext-animate--on\">Pourtant, dans des pays comme le S\u00e9n\u00e9gal, la C\u00f4te d\u2019Ivoire, le Cameroun, le Maroc ou la Tunisie, les besoins sont r\u00e9els et en forte croissance.<\/p>\n\n\n\n<p class=\"ext-animate--on\">Dans ces environnements en mutation rapide, le management de transition repr\u00e9sente une <strong>opportunit\u00e9 strat\u00e9gique encore largement sous-exploit\u00e9e<\/strong>.<\/p>\n\n\n\n<hr class=\"wp-block-separator has-alpha-channel-opacity ext-animate--on\"\/>\n\n\n\n<h2 class=\"wp-block-heading ext-animate--on\">Un march\u00e9 encore peu structur\u00e9<\/h2>\n\n\n\n<p class=\"ext-animate--on\">Contrairement \u00e0 l\u2019Europe, le march\u00e9 du management de transition en Afrique francophone reste \u00e0 un stade de d\u00e9veloppement interm\u00e9diaire.<\/p>\n\n\n\n<p class=\"ext-animate--on\">On observe :<\/p>\n\n\n\n<ul class=\"wp-block-list ext-animate--on\">\n<li class=\"ext-animate--on\">une faible pr\u00e9sence de cabinets sp\u00e9cialis\u00e9s<\/li>\n\n\n\n<li class=\"ext-animate--on\">un recours encore limit\u00e9 par les entreprises<\/li>\n\n\n\n<li class=\"ext-animate--on\">une pr\u00e9dominance du recrutement classique<\/li>\n<\/ul>\n\n\n\n<p class=\"ext-animate--on\">\ud83d\udc49 Le management de transition est encore souvent per\u00e7u comme une solution exceptionnelle, et non comme un outil de pilotage strat\u00e9gique.<\/p>\n\n\n\n<hr class=\"wp-block-separator has-alpha-channel-opacity ext-animate--on\"\/>\n\n\n\n<h2 class=\"wp-block-heading ext-animate--on\">Des \u00e9conomies en forte transformation<\/h2>\n\n\n\n<p class=\"ext-animate--on\">Les \u00e9conomies africaines connaissent une croissance soutenue, port\u00e9e par :<\/p>\n\n\n\n<ul class=\"wp-block-list ext-animate--on\">\n<li class=\"ext-animate--on\">l\u2019urbanisation rapide<\/li>\n\n\n\n<li class=\"ext-animate--on\">le d\u00e9veloppement des classes moyennes<\/li>\n\n\n\n<li class=\"ext-animate--on\">la structuration progressive des secteurs industriels et de services<\/li>\n<\/ul>\n\n\n\n<p class=\"ext-animate--on\">Dans des pays comme le S\u00e9n\u00e9gal et la C\u00f4te d\u2019Ivoire, la dynamique \u00e9conomique entra\u00eene une <strong>mont\u00e9e en puissance des entreprises locales et internationales<\/strong>.<\/p>\n\n\n\n<p class=\"ext-animate--on\">\ud83d\udc49 Cette croissance g\u00e9n\u00e8re de nouveaux besoins :<\/p>\n\n\n\n<ul class=\"wp-block-list ext-animate--on\">\n<li class=\"ext-animate--on\">structuration des organisations<\/li>\n\n\n\n<li class=\"ext-animate--on\">professionnalisation des fonctions cl\u00e9s<\/li>\n\n\n\n<li class=\"ext-animate--on\">am\u00e9lioration de la performance op\u00e9rationnelle<\/li>\n<\/ul>\n\n\n\n<hr class=\"wp-block-separator has-alpha-channel-opacity ext-animate--on\"\/>\n\n\n\n<h2 class=\"wp-block-heading ext-animate--on\">Des enjeux op\u00e9rationnels majeurs<\/h2>\n\n\n\n<p class=\"ext-animate--on\">Les entreprises africaines font face \u00e0 des d\u00e9fis sp\u00e9cifiques :<\/p>\n\n\n\n<h3 class=\"wp-block-heading ext-animate--on\">1. Structuration des organisations<\/h3>\n\n\n\n<p class=\"ext-animate--on\">Beaucoup d\u2019entreprises sont en phase de croissance rapide, avec des organisations encore peu formalis\u00e9es.<\/p>\n\n\n\n<p class=\"ext-animate--on\">\ud83d\udc49 R\u00e9sultat :<\/p>\n\n\n\n<ul class=\"wp-block-list ext-animate--on\">\n<li class=\"ext-animate--on\">manque de process<\/li>\n\n\n\n<li class=\"ext-animate--on\">d\u00e9pendance \u00e0 des individus cl\u00e9s<\/li>\n\n\n\n<li class=\"ext-animate--on\">difficult\u00e9 \u00e0 passer \u00e0 l\u2019\u00e9chelle<\/li>\n<\/ul>\n\n\n\n<hr class=\"wp-block-separator has-alpha-channel-opacity ext-animate--on\"\/>\n\n\n\n<h3 class=\"wp-block-heading ext-animate--on\">2. Logistique et supply chain<\/h3>\n\n\n\n<p class=\"ext-animate--on\">Dans des march\u00e9s comme le Cameroun ou la C\u00f4te d\u2019Ivoire, les enjeux logistiques sont particuli\u00e8rement critiques :<\/p>\n\n\n\n<ul class=\"wp-block-list ext-animate--on\">\n<li class=\"ext-animate--on\">infrastructures parfois limit\u00e9es<\/li>\n\n\n\n<li class=\"ext-animate--on\">d\u00e9pendance aux importations<\/li>\n\n\n\n<li class=\"ext-animate--on\">co\u00fbts de transport \u00e9lev\u00e9s<\/li>\n<\/ul>\n\n\n\n<p class=\"ext-animate--on\">\ud83d\udc49 La ma\u00eetrise des flux devient un levier cl\u00e9 de performance.<\/p>\n\n\n\n<hr class=\"wp-block-separator has-alpha-channel-opacity ext-animate--on\"\/>\n\n\n\n<h3 class=\"wp-block-heading ext-animate--on\">3. Ressources humaines<\/h3>\n\n\n\n<p class=\"ext-animate--on\">Les entreprises rencontrent souvent :<\/p>\n\n\n\n<ul class=\"wp-block-list ext-animate--on\">\n<li class=\"ext-animate--on\">des difficult\u00e9s de recrutement sur certains profils cl\u00e9s<\/li>\n\n\n\n<li class=\"ext-animate--on\">un manque d\u2019exp\u00e9rience sur des fonctions de direction<\/li>\n\n\n\n<li class=\"ext-animate--on\">une forte d\u00e9pendance aux comp\u00e9tences externes<\/li>\n<\/ul>\n\n\n\n<hr class=\"wp-block-separator has-alpha-channel-opacity ext-animate--on\"\/>\n\n\n\n<h3 class=\"wp-block-heading ext-animate--on\">4. Pression sur la rentabilit\u00e9<\/h3>\n\n\n\n<p class=\"ext-animate--on\">Avec l\u2019intensification de la concurrence, les entreprises doivent :<\/p>\n\n\n\n<ul class=\"wp-block-list ext-animate--on\">\n<li class=\"ext-animate--on\">am\u00e9liorer leurs marges<\/li>\n\n\n\n<li class=\"ext-animate--on\">optimiser leurs co\u00fbts<\/li>\n\n\n\n<li class=\"ext-animate--on\">structurer leur pilotage<\/li>\n<\/ul>\n\n\n\n<p class=\"ext-animate--on\">\ud83d\udc49 Des probl\u00e9matiques tr\u00e8s proches de celles observ\u00e9es dans la distribution alimentaire et le foodservice.<\/p>\n\n\n\n<hr class=\"wp-block-separator has-alpha-channel-opacity ext-animate--on\"\/>\n\n\n\n<h2 class=\"wp-block-heading ext-animate--on\">Pourquoi le management de transition est particuli\u00e8rement adapt\u00e9<\/h2>\n\n\n\n<p class=\"ext-animate--on\">Dans ce contexte, le management de transition apporte une r\u00e9ponse particuli\u00e8rement pertinente.<\/p>\n\n\n\n<p class=\"ext-animate--on\">Il permet :<\/p>\n\n\n\n<h3 class=\"wp-block-heading ext-animate--on\">Une intervention rapide<\/h3>\n\n\n\n<p class=\"ext-animate--on\">\ud83d\udc49 mise en place en quelques jours<br>\ud83d\udc49 sans passer par un processus de recrutement long<\/p>\n\n\n\n<hr class=\"wp-block-separator has-alpha-channel-opacity ext-animate--on\"\/>\n\n\n\n<h3 class=\"wp-block-heading ext-animate--on\">Une expertise imm\u00e9diatement op\u00e9rationnelle<\/h3>\n\n\n\n<p class=\"ext-animate--on\">\ud83d\udc49 profils exp\u00e9riment\u00e9s<br>\ud83d\udc49 capacit\u00e9 \u00e0 intervenir dans des environnements complexes<\/p>\n\n\n\n<hr class=\"wp-block-separator has-alpha-channel-opacity ext-animate--on\"\/>\n\n\n\n<h3 class=\"wp-block-heading ext-animate--on\">Une approche orient\u00e9e r\u00e9sultats<\/h3>\n\n\n\n<p class=\"ext-animate--on\">\ud83d\udc49 diagnostic rapide<br>\ud83d\udc49 mise en \u0153uvre imm\u00e9diate<br>\ud83d\udc49 gains mesurables<\/p>\n\n\n\n<hr class=\"wp-block-separator has-alpha-channel-opacity ext-animate--on\"\/>\n\n\n\n<h3 class=\"wp-block-heading ext-animate--on\">Une forte adaptabilit\u00e9<\/h3>\n\n\n\n<p class=\"ext-animate--on\">\ud83d\udc49 capacit\u00e9 \u00e0 s\u2019int\u00e9grer dans des organisations en construction<br>\ud83d\udc49 compr\u00e9hension des environnements hybrides<\/p>\n\n\n\n<hr class=\"wp-block-separator has-alpha-channel-opacity ext-animate--on\"\/>\n\n\n\n<h2 class=\"wp-block-heading ext-animate--on\">Des cas d\u2019usage concrets<\/h2>\n\n\n\n<p class=\"ext-animate--on\">Le management de transition peut intervenir sur des probl\u00e9matiques cl\u00e9s :<\/p>\n\n\n\n<ul class=\"wp-block-list ext-animate--on\">\n<li class=\"ext-animate--on\">structuration d\u2019une activit\u00e9 en croissance<\/li>\n\n\n\n<li class=\"ext-animate--on\">optimisation logistique et supply chain<\/li>\n\n\n\n<li class=\"ext-animate--on\">am\u00e9lioration de la rentabilit\u00e9<\/li>\n\n\n\n<li class=\"ext-animate--on\">transformation organisationnelle<\/li>\n\n\n\n<li class=\"ext-animate--on\">remplacement temporaire de dirigeants<\/li>\n<\/ul>\n\n\n\n<p class=\"ext-animate--on\">Dans des pays comme le Maroc et la Tunisie, o\u00f9 les \u00e9conomies sont plus structur\u00e9es, les missions de transformation et d\u2019optimisation sont en forte progression.<\/p>\n\n\n\n<hr class=\"wp-block-separator has-alpha-channel-opacity ext-animate--on\"\/>\n\n\n\n<h2 class=\"wp-block-heading ext-animate--on\">Un march\u00e9 \u00e0 fort potentiel<\/h2>\n\n\n\n<p class=\"ext-animate--on\">Aujourd\u2019hui, le management de transition en Afrique francophone est :<\/p>\n\n\n\n<ul class=\"wp-block-list ext-animate--on\">\n<li class=\"ext-animate--on\">peu structur\u00e9<\/li>\n\n\n\n<li class=\"ext-animate--on\">peu concurrentiel<\/li>\n\n\n\n<li class=\"ext-animate--on\">mais en forte croissance<\/li>\n<\/ul>\n\n\n\n<p class=\"ext-animate--on\">\ud83d\udc49 Plusieurs facteurs vont acc\u00e9l\u00e9rer son d\u00e9veloppement :<\/p>\n\n\n\n<ul class=\"wp-block-list ext-animate--on\">\n<li class=\"ext-animate--on\">professionnalisation des entreprises<\/li>\n\n\n\n<li class=\"ext-animate--on\">mont\u00e9e des exigences de performance<\/li>\n\n\n\n<li class=\"ext-animate--on\">internationalisation des acteurs<\/li>\n\n\n\n<li class=\"ext-animate--on\">besoin de flexibilit\u00e9<\/li>\n<\/ul>\n\n\n\n<hr class=\"wp-block-separator has-alpha-channel-opacity ext-animate--on\"\/>\n\n\n\n<h2 class=\"wp-block-heading ext-animate--on\">Une opportunit\u00e9 strat\u00e9gique pour les entreprises<\/h2>\n\n\n\n<p class=\"ext-animate--on\">Pour les entreprises locales, le management de transition repr\u00e9sente :<\/p>\n\n\n\n<ul class=\"wp-block-list ext-animate--on\">\n<li class=\"ext-animate--on\">une solution rapide face \u00e0 des enjeux urgents<\/li>\n\n\n\n<li class=\"ext-animate--on\">un levier pour structurer leur organisation<\/li>\n\n\n\n<li class=\"ext-animate--on\">un acc\u00e9l\u00e9rateur de performance<\/li>\n<\/ul>\n\n\n\n<p class=\"ext-animate--on\">\ud83d\udc49 Dans des environnements o\u00f9 la r\u00e9activit\u00e9 est cl\u00e9, la capacit\u00e9 \u00e0 mobiliser rapidement des comp\u00e9tences exp\u00e9riment\u00e9es fait toute la diff\u00e9rence.<\/p>\n\n\n\n<hr class=\"wp-block-separator has-alpha-channel-opacity ext-animate--on\"\/>\n\n\n\n<h2 class=\"wp-block-heading ext-animate--on\">Conclusion<\/h2>\n\n\n\n<p class=\"ext-animate--on\">Le management de transition en Afrique francophone est \u00e0 un tournant.<\/p>\n\n\n\n<p class=\"ext-animate--on\">Encore peu d\u00e9velopp\u00e9, il r\u00e9pond pourtant parfaitement aux enjeux actuels des entreprises :<\/p>\n\n\n\n<ul class=\"wp-block-list ext-animate--on\">\n<li class=\"ext-animate--on\">croissance rapide<\/li>\n\n\n\n<li class=\"ext-animate--on\">besoin de structuration<\/li>\n\n\n\n<li class=\"ext-animate--on\">exigence de performance<\/li>\n<\/ul>\n\n\n\n<p class=\"ext-animate--on\">Dans des pays comme le S\u00e9n\u00e9gal, la C\u00f4te d\u2019Ivoire, le Cameroun, le Maroc et la Tunisie, il constitue une opportunit\u00e9 majeure pour les entreprises souhaitant acc\u00e9l\u00e9rer leur transformation.<\/p>\n\n\n\n<p class=\"ext-animate--on\">\ud83d\udc49 Le v\u00e9ritable enjeu n\u2019est plus de savoir si ce mod\u00e8le est pertinent\u2026<br>\ud83d\udc49 mais \u00e0 quel moment l\u2019activer pour maximiser son impact.<\/p>\n\n\n\n<hr class=\"wp-block-separator has-alpha-channel-opacity ext-animate--on\"\/>\n\n\n\n<h2 class=\"wp-block-heading ext-animate--on\">Pour aller plus loin<\/h2>\n\n\n\n<p class=\"ext-animate--on\">Foodservice Transition accompagne les entreprises de distribution et de restauration dans leurs enjeux de performance et de transformation, y compris dans des environnements internationaux en forte croissance.<\/p>\n\n\n\n<div class=\"wp-block-buttons ext-animate--on is-layout-flex wp-block-buttons-is-layout-flex\">\n<div class=\"wp-block-button\"><a class=\"wp-block-button__link wp-element-button\" href=\"https:\/\/foodservice-transition.fr\/en\/contact\/\" target=\"_blank\" rel=\"noreferrer noopener\">Faire appel \u00e0 un manager de transition exp\u00e9riment\u00e9 en Afrique<\/a><\/div>\n<\/div>","protected":false},"excerpt":{"rendered":"<p>Le management de transition au S\u00e9n\u00e9gal, en C\u00f4te d&rsquo;Ivoire, au Cameroun, en Tunisie, au Maroc&#8230; Le management de transition s\u2019impose progressivement comme une solution efficace pour accompagner les entreprises dans leurs phases de transformation, de croissance ou de crise. Si ce mod\u00e8le est d\u00e9sormais bien structur\u00e9 en Europe, il reste encore peu d\u00e9velopp\u00e9 en Afrique [&hellip;]<\/p>\n","protected":false},"author":1,"featured_media":0,"comment_status":"open","ping_status":"open","sticky":false,"template":"","format":"standard","meta":{"footnotes":""},"categories":[1],"tags":[],"class_list":["post-1474","post","type-post","status-publish","format-standard","hentry","category-uncategorized"],"_links":{"self":[{"href":"https:\/\/foodservice-transition.fr\/en\/wp-json\/wp\/v2\/posts\/1474","targetHints":{"allow":["GET"]}}],"collection":[{"href":"https:\/\/foodservice-transition.fr\/en\/wp-json\/wp\/v2\/posts"}],"about":[{"href":"https:\/\/foodservice-transition.fr\/en\/wp-json\/wp\/v2\/types\/post"}],"author":[{"embeddable":true,"href":"https:\/\/foodservice-transition.fr\/en\/wp-json\/wp\/v2\/users\/1"}],"replies":[{"embeddable":true,"href":"https:\/\/foodservice-transition.fr\/en\/wp-json\/wp\/v2\/comments?post=1474"}],"version-history":[{"count":22,"href":"https:\/\/foodservice-transition.fr\/en\/wp-json\/wp\/v2\/posts\/1474\/revisions"}],"predecessor-version":[{"id":1509,"href":"https:\/\/foodservice-transition.fr\/en\/wp-json\/wp\/v2\/posts\/1474\/revisions\/1509"}],"wp:attachment":[{"href":"https:\/\/foodservice-transition.fr\/en\/wp-json\/wp\/v2\/media?parent=1474"}],"wp:term":[{"taxonomy":"category","embeddable":true,"href":"https:\/\/foodservice-transition.fr\/en\/wp-json\/wp\/v2\/categories?post=1474"},{"taxonomy":"post_tag","embeddable":true,"href":"https:\/\/foodservice-transition.fr\/en\/wp-json\/wp\/v2\/tags?post=1474"}],"curies":[{"name":"wp","href":"https:\/\/api.w.org\/{rel}","templated":true}]}}